{"id":2876,"date":"2013-02-19T12:50:04","date_gmt":"2013-02-19T12:50:04","guid":{"rendered":"http:\/\/www.colegiosanjosebv.edu.ar\/wp\/?p=2876"},"modified":"2024-03-04T20:30:22","modified_gmt":"2024-03-04T20:30:22","slug":"27-de-febrero-de-2013-formacion-institucional","status":"publish","type":"post","link":"https:\/\/colegiosanjosebv.edu.ar\/wp\/27-de-febrero-de-2013-formacion-institucional\/","title":{"rendered":"27 de febrero de 2013: Formaci\u00f3n Institucional"},"content":{"rendered":"<p>Queridas Familias, docentes y alumnos:<br \/>\nConfiando en que hayan disfrutado de tan merecidas vacaciones y recuperado fuerzas para comenzar un nuevo ciclo lectivo, es que les informamos que el d\u00eda <strong>27 de febrero <\/strong>se llevar\u00e1 a cabo la Formaci\u00f3n Institucional para Primario y Secundario (8:00 turno ma\u00f1ana y 13:30 turno tarde).<br \/>\nComo cada a\u00f1o, deseamos invitar a las familias a que nos acompa\u00f1en desde el primer d\u00eda, porque entendemos que su presencia en los distintos \u00e1mbitos escolares, enriquecer\u00e1 el crecimiento de nuestros alumnos.<br \/>\nLos esperamos con el cari\u00f1o de siempre.<\/p>\n<p>Consejo Directivo     <\/p>\n","protected":false},"excerpt":{"rendered":"<p>Queridas Familias, docentes y alumnos: Confiando en que hayan disfrutado de tan merecidas vacaciones y recuperado fuerzas para comenzar un nuevo ciclo lectivo, es que les informamos que el d\u00eda 27 de febrero se llevar\u00e1 a cabo la Formaci\u00f3n Institucional para Primario y Secundario (8:00 turno ma\u00f1ana y 13:30 turno tarde). Como cada a\u00f1o, deseamos [&hellip;]<\/p>\n","protected":false},"author":6,"featured_media":0,"comment_status":"closed","ping_status":"closed","sticky":false,"template":"","format":"standard","meta":{"footnotes":""},"categories":[3],"tags":[],"class_list":["post-2876","post","type-post","status-publish","format-standard","hentry","category-noticias"],"_links":{"self":[{"href":"https:\/\/colegiosanjosebv.edu.ar\/wp\/wp-json\/wp\/v2\/posts\/2876","targetHints":{"allow":["GET"]}}],"collection":[{"href":"https:\/\/colegiosanjosebv.edu.ar\/wp\/wp-json\/wp\/v2\/posts"}],"about":[{"href":"https:\/\/colegiosanjosebv.edu.ar\/wp\/wp-json\/wp\/v2\/types\/post"}],"author":[{"embeddable":true,"href":"https:\/\/colegiosanjosebv.edu.ar\/wp\/wp-json\/wp\/v2\/users\/6"}],"replies":[{"embeddable":true,"href":"https:\/\/colegiosanjosebv.edu.ar\/wp\/wp-json\/wp\/v2\/comments?post=2876"}],"version-history":[{"count":1,"href":"https:\/\/colegiosanjosebv.edu.ar\/wp\/wp-json\/wp\/v2\/posts\/2876\/revisions"}],"predecessor-version":[{"id":10447,"href":"https:\/\/colegiosanjosebv.edu.ar\/wp\/wp-json\/wp\/v2\/posts\/2876\/revisions\/10447"}],"wp:attachment":[{"href":"https:\/\/colegiosanjosebv.edu.ar\/wp\/wp-json\/wp\/v2\/media?parent=2876"}],"wp:term":[{"taxonomy":"category","embeddable":true,"href":"https:\/\/colegiosanjosebv.edu.ar\/wp\/wp-json\/wp\/v2\/categories?post=2876"},{"taxonomy":"post_tag","embeddable":true,"href":"https:\/\/colegiosanjosebv.edu.ar\/wp\/wp-json\/wp\/v2\/tags?post=2876"}],"curies":[{"name":"wp","href":"https:\/\/api.w.org\/{rel}","templated":true}]}}